{"id":2300,"date":"2023-09-27T19:44:00","date_gmt":"2023-09-27T17:44:00","guid":{"rendered":"https:\/\/intercitrus.org\/segundo-ano-de-incumplimiento\/"},"modified":"2026-03-06T20:03:36","modified_gmt":"2026-03-06T19:03:36","slug":"segundo-ano-de-incumplimiento","status":"publish","type":"post","link":"https:\/\/intercitrus.org\/en\/segundo-ano-de-incumplimiento\/","title":{"rendered":"Segundo a\u00f1o de incumplimiento"},"content":{"rendered":"\n<p><\/p>\n\n\n\n<p>Ya est\u00e1 disponible el nuevo art\u00edculo de opini\u00f3n de la Presidenta de Intercitrus, D\u00f1a. Inmaculada Sanfeliu publicado en el semanario Valencia Fruits, donde asegura que Sud\u00e1frica no est\u00e1 cumpliendo el protocolo del <em>cold treatment<\/em>. Accede al art\u00edculo completo a trav\u00e9s del siguiente enlace: <a href=\"https:\/\/valenciafruits.com\/segundo-anyo-incumplimiento\/\">https:\/\/valenciafruits.com\/segundo-anyo-incumplimiento\/<\/a><\/p>\n","protected":false},"excerpt":{"rendered":"<p>Ya est\u00e1 disponible el nuevo art\u00edculo de opini\u00f3n de la Presidenta de Intercitrus, D\u00f1a. Inmaculada Sanfeliu publicado en el semanario Valencia Fruits, donde asegura que Sud\u00e1frica no est\u00e1 cumpliendo el protocolo del cold treatment. Accede al art\u00edculo completo a trav\u00e9s del siguiente enlace: https:\/\/valenciafruits.com\/segundo-anyo-incumplimiento\/<\/p>\n","protected":false},"author":1,"featured_media":2196,"comment_status":"closed","ping_status":"open","sticky":false,"template":"","format":"standard","meta":{"iawp_total_views":0,"footnotes":""},"categories":[16],"tags":[],"class_list":["post-2300","post","type-post","status-publish","format-standard","has-post-thumbnail","hentry","category-articles-of-interest"],"yoast_head":"<!-- This site is optimized with the Yoast SEO plugin v27.2 - https:\/\/yoast.com\/product\/yoast-seo-wordpress\/ -->\n<title>Segundo a\u00f1o de incumplimiento - Intercitrus<\/title>\n<meta name=\"robots\" content=\"index, follow, max-snippet:-1, max-image-preview:large, max-video-preview:-1\" \/>\n<link rel=\"canonical\" href=\"https:\/\/intercitrus.org\/en\/segundo-ano-de-incumplimiento\/\" \/>\n<meta property=\"og:locale\" content=\"en_US\" \/>\n<meta property=\"og:type\" content=\"article\" \/>\n<meta property=\"og:title\" content=\"Segundo a\u00f1o de incumplimiento - Intercitrus\" \/>\n<meta property=\"og:description\" content=\"Ya est\u00e1 disponible el nuevo art\u00edculo de opini\u00f3n de la Presidenta de Intercitrus, D\u00f1a. Inmaculada Sanfeliu publicado en el semanario Valencia Fruits, donde asegura que Sud\u00e1frica no est\u00e1 cumpliendo el protocolo del cold treatment. Accede al art\u00edculo completo a trav\u00e9s del siguiente enlace: https:\/\/valenciafruits.com\/segundo-anyo-incumplimiento\/\" \/>\n<meta property=\"og:url\" content=\"https:\/\/intercitrus.org\/en\/segundo-ano-de-incumplimiento\/\" \/>\n<meta property=\"og:site_name\" content=\"Intercitrus\" \/>\n<meta property=\"article:published_time\" content=\"2023-09-27T17:44:00+00:00\" \/>\n<meta property=\"article:modified_time\" content=\"2026-03-06T19:03:36+00:00\" \/>\n<meta property=\"og:image\" content=\"https:\/\/intercitrus.org\/wp-content\/uploads\/2024\/03\/1-10.jpg\" \/>\n\t<meta property=\"og:image:width\" content=\"1536\" \/>\n\t<meta property=\"og:image:height\" content=\"1152\" \/>\n\t<meta property=\"og:image:type\" content=\"image\/jpeg\" \/>\n<meta name=\"author\" content=\"Admin Intercitrus\" \/>\n<meta name=\"twitter:card\" content=\"summary_large_image\" \/>\n<meta name=\"twitter:label1\" content=\"Written by\" \/>\n\t<meta name=\"twitter:data1\" content=\"Admin Intercitrus\" \/>\n\t<meta name=\"twitter:label2\" content=\"Est. reading time\" \/>\n\t<meta name=\"twitter:data2\" content=\"1 minute\" \/>\n<script type=\"application\/ld+json\" class=\"yoast-schema-graph\">{\"@context\":\"https:\/\/schema.org\",\"@graph\":[{\"@type\":\"Article\",\"@id\":\"https:\/\/intercitrus.org\/en\/segundo-ano-de-incumplimiento\/#article\",\"isPartOf\":{\"@id\":\"https:\/\/intercitrus.org\/en\/segundo-ano-de-incumplimiento\/\"},\"author\":{\"name\":\"Admin Intercitrus\",\"@id\":\"https:\/\/intercitrus.org\/en\/#\/schema\/person\/3cd1c24c3b5e41522da5dd0e9d731f22\"},\"headline\":\"Segundo a\u00f1o de incumplimiento\",\"datePublished\":\"2023-09-27T17:44:00+00:00\",\"dateModified\":\"2026-03-06T19:03:36+00:00\",\"mainEntityOfPage\":{\"@id\":\"https:\/\/intercitrus.org\/en\/segundo-ano-de-incumplimiento\/\"},\"wordCount\":58,\"publisher\":{\"@id\":\"https:\/\/intercitrus.org\/en\/#organization\"},\"image\":{\"@id\":\"https:\/\/intercitrus.org\/en\/segundo-ano-de-incumplimiento\/#primaryimage\"},\"thumbnailUrl\":\"https:\/\/intercitrus.org\/wp-content\/uploads\/2024\/03\/1-10.jpg\",\"articleSection\":[\"Articles of Interest\"],\"inLanguage\":\"en-US\"},{\"@type\":\"WebPage\",\"@id\":\"https:\/\/intercitrus.org\/en\/segundo-ano-de-incumplimiento\/\",\"url\":\"https:\/\/intercitrus.org\/en\/segundo-ano-de-incumplimiento\/\",\"name\":\"Segundo a\u00f1o de incumplimiento - Intercitrus\",\"isPartOf\":{\"@id\":\"https:\/\/intercitrus.org\/en\/#website\"},\"primaryImageOfPage\":{\"@id\":\"https:\/\/intercitrus.org\/en\/segundo-ano-de-incumplimiento\/#primaryimage\"},\"image\":{\"@id\":\"https:\/\/intercitrus.org\/en\/segundo-ano-de-incumplimiento\/#primaryimage\"},\"thumbnailUrl\":\"https:\/\/intercitrus.org\/wp-content\/uploads\/2024\/03\/1-10.jpg\",\"datePublished\":\"2023-09-27T17:44:00+00:00\",\"dateModified\":\"2026-03-06T19:03:36+00:00\",\"breadcrumb\":{\"@id\":\"https:\/\/intercitrus.org\/en\/segundo-ano-de-incumplimiento\/#breadcrumb\"},\"inLanguage\":\"en-US\",\"potentialAction\":[{\"@type\":\"ReadAction\",\"target\":[\"https:\/\/intercitrus.org\/en\/segundo-ano-de-incumplimiento\/\"]}]},{\"@type\":\"ImageObject\",\"inLanguage\":\"en-US\",\"@id\":\"https:\/\/intercitrus.org\/en\/segundo-ano-de-incumplimiento\/#primaryimage\",\"url\":\"https:\/\/intercitrus.org\/wp-content\/uploads\/2024\/03\/1-10.jpg\",\"contentUrl\":\"https:\/\/intercitrus.org\/wp-content\/uploads\/2024\/03\/1-10.jpg\",\"width\":1536,\"height\":1152},{\"@type\":\"BreadcrumbList\",\"@id\":\"https:\/\/intercitrus.org\/en\/segundo-ano-de-incumplimiento\/#breadcrumb\",\"itemListElement\":[{\"@type\":\"ListItem\",\"position\":1,\"name\":\"Portada\",\"item\":\"https:\/\/intercitrus.org\/en\/\"},{\"@type\":\"ListItem\",\"position\":2,\"name\":\"Segundo a\u00f1o de incumplimiento\"}]},{\"@type\":\"WebSite\",\"@id\":\"https:\/\/intercitrus.org\/en\/#website\",\"url\":\"https:\/\/intercitrus.org\/en\/\",\"name\":\"Intercitrus\",\"description\":\"Interprofesional citricola Espa\u00f1ola\",\"publisher\":{\"@id\":\"https:\/\/intercitrus.org\/en\/#organization\"},\"potentialAction\":[{\"@type\":\"SearchAction\",\"target\":{\"@type\":\"EntryPoint\",\"urlTemplate\":\"https:\/\/intercitrus.org\/en\/?s={search_term_string}\"},\"query-input\":{\"@type\":\"PropertyValueSpecification\",\"valueRequired\":true,\"valueName\":\"search_term_string\"}}],\"inLanguage\":\"en-US\"},{\"@type\":\"Organization\",\"@id\":\"https:\/\/intercitrus.org\/en\/#organization\",\"name\":\"Intercitrus\",\"url\":\"https:\/\/intercitrus.org\/en\/\",\"logo\":{\"@type\":\"ImageObject\",\"inLanguage\":\"en-US\",\"@id\":\"https:\/\/intercitrus.org\/en\/#\/schema\/logo\/image\/\",\"url\":\"https:\/\/intercitrus.org\/wp-content\/uploads\/2024\/02\/logo-intercitrus.svg\",\"contentUrl\":\"https:\/\/intercitrus.org\/wp-content\/uploads\/2024\/02\/logo-intercitrus.svg\",\"caption\":\"Intercitrus\"},\"image\":{\"@id\":\"https:\/\/intercitrus.org\/en\/#\/schema\/logo\/image\/\"}},{\"@type\":\"Person\",\"@id\":\"https:\/\/intercitrus.org\/en\/#\/schema\/person\/3cd1c24c3b5e41522da5dd0e9d731f22\",\"name\":\"Admin Intercitrus\",\"image\":{\"@type\":\"ImageObject\",\"inLanguage\":\"en-US\",\"@id\":\"https:\/\/secure.gravatar.com\/avatar\/4e1b3b9d41f8d1179d1a4ff55b0b2f0bee4b7bfd12a068237cf4bc9fe30d60db?s=96&d=mm&r=g\",\"url\":\"https:\/\/secure.gravatar.com\/avatar\/4e1b3b9d41f8d1179d1a4ff55b0b2f0bee4b7bfd12a068237cf4bc9fe30d60db?s=96&d=mm&r=g\",\"contentUrl\":\"https:\/\/secure.gravatar.com\/avatar\/4e1b3b9d41f8d1179d1a4ff55b0b2f0bee4b7bfd12a068237cf4bc9fe30d60db?s=96&d=mm&r=g\",\"caption\":\"Admin Intercitrus\"},\"sameAs\":[\"https:\/\/intercitrus.org\"]}]}<\/script>\n<!-- \/ Yoast SEO plugin. -->","yoast_head_json":{"title":"Segundo a\u00f1o de incumplimiento - Intercitrus","robots":{"index":"index","follow":"follow","max-snippet":"max-snippet:-1","max-image-preview":"max-image-preview:large","max-video-preview":"max-video-preview:-1"},"canonical":"https:\/\/intercitrus.org\/en\/segundo-ano-de-incumplimiento\/","og_locale":"en_US","og_type":"article","og_title":"Segundo a\u00f1o de incumplimiento - Intercitrus","og_description":"Ya est\u00e1 disponible el nuevo art\u00edculo de opini\u00f3n de la Presidenta de Intercitrus, D\u00f1a. Inmaculada Sanfeliu publicado en el semanario Valencia Fruits, donde asegura que Sud\u00e1frica no est\u00e1 cumpliendo el protocolo del cold treatment. Accede al art\u00edculo completo a trav\u00e9s del siguiente enlace: https:\/\/valenciafruits.com\/segundo-anyo-incumplimiento\/","og_url":"https:\/\/intercitrus.org\/en\/segundo-ano-de-incumplimiento\/","og_site_name":"Intercitrus","article_published_time":"2023-09-27T17:44:00+00:00","article_modified_time":"2026-03-06T19:03:36+00:00","og_image":[{"width":1536,"height":1152,"url":"https:\/\/intercitrus.org\/wp-content\/uploads\/2024\/03\/1-10.jpg","type":"image\/jpeg"}],"author":"Admin Intercitrus","twitter_card":"summary_large_image","twitter_misc":{"Written by":"Admin Intercitrus","Est. reading time":"1 minute"},"schema":{"@context":"https:\/\/schema.org","@graph":[{"@type":"Article","@id":"https:\/\/intercitrus.org\/en\/segundo-ano-de-incumplimiento\/#article","isPartOf":{"@id":"https:\/\/intercitrus.org\/en\/segundo-ano-de-incumplimiento\/"},"author":{"name":"Admin Intercitrus","@id":"https:\/\/intercitrus.org\/en\/#\/schema\/person\/3cd1c24c3b5e41522da5dd0e9d731f22"},"headline":"Segundo a\u00f1o de incumplimiento","datePublished":"2023-09-27T17:44:00+00:00","dateModified":"2026-03-06T19:03:36+00:00","mainEntityOfPage":{"@id":"https:\/\/intercitrus.org\/en\/segundo-ano-de-incumplimiento\/"},"wordCount":58,"publisher":{"@id":"https:\/\/intercitrus.org\/en\/#organization"},"image":{"@id":"https:\/\/intercitrus.org\/en\/segundo-ano-de-incumplimiento\/#primaryimage"},"thumbnailUrl":"https:\/\/intercitrus.org\/wp-content\/uploads\/2024\/03\/1-10.jpg","articleSection":["Articles of Interest"],"inLanguage":"en-US"},{"@type":"WebPage","@id":"https:\/\/intercitrus.org\/en\/segundo-ano-de-incumplimiento\/","url":"https:\/\/intercitrus.org\/en\/segundo-ano-de-incumplimiento\/","name":"Segundo a\u00f1o de incumplimiento - Intercitrus","isPartOf":{"@id":"https:\/\/intercitrus.org\/en\/#website"},"primaryImageOfPage":{"@id":"https:\/\/intercitrus.org\/en\/segundo-ano-de-incumplimiento\/#primaryimage"},"image":{"@id":"https:\/\/intercitrus.org\/en\/segundo-ano-de-incumplimiento\/#primaryimage"},"thumbnailUrl":"https:\/\/intercitrus.org\/wp-content\/uploads\/2024\/03\/1-10.jpg","datePublished":"2023-09-27T17:44:00+00:00","dateModified":"2026-03-06T19:03:36+00:00","breadcrumb":{"@id":"https:\/\/intercitrus.org\/en\/segundo-ano-de-incumplimiento\/#breadcrumb"},"inLanguage":"en-US","potentialAction":[{"@type":"ReadAction","target":["https:\/\/intercitrus.org\/en\/segundo-ano-de-incumplimiento\/"]}]},{"@type":"ImageObject","inLanguage":"en-US","@id":"https:\/\/intercitrus.org\/en\/segundo-ano-de-incumplimiento\/#primaryimage","url":"https:\/\/intercitrus.org\/wp-content\/uploads\/2024\/03\/1-10.jpg","contentUrl":"https:\/\/intercitrus.org\/wp-content\/uploads\/2024\/03\/1-10.jpg","width":1536,"height":1152},{"@type":"BreadcrumbList","@id":"https:\/\/intercitrus.org\/en\/segundo-ano-de-incumplimiento\/#breadcrumb","itemListElement":[{"@type":"ListItem","position":1,"name":"Portada","item":"https:\/\/intercitrus.org\/en\/"},{"@type":"ListItem","position":2,"name":"Segundo a\u00f1o de incumplimiento"}]},{"@type":"WebSite","@id":"https:\/\/intercitrus.org\/en\/#website","url":"https:\/\/intercitrus.org\/en\/","name":"Intercitrus","description":"Interprofesional citricola Espa\u00f1ola","publisher":{"@id":"https:\/\/intercitrus.org\/en\/#organization"},"potentialAction":[{"@type":"SearchAction","target":{"@type":"EntryPoint","urlTemplate":"https:\/\/intercitrus.org\/en\/?s={search_term_string}"},"query-input":{"@type":"PropertyValueSpecification","valueRequired":true,"valueName":"search_term_string"}}],"inLanguage":"en-US"},{"@type":"Organization","@id":"https:\/\/intercitrus.org\/en\/#organization","name":"Intercitrus","url":"https:\/\/intercitrus.org\/en\/","logo":{"@type":"ImageObject","inLanguage":"en-US","@id":"https:\/\/intercitrus.org\/en\/#\/schema\/logo\/image\/","url":"https:\/\/intercitrus.org\/wp-content\/uploads\/2024\/02\/logo-intercitrus.svg","contentUrl":"https:\/\/intercitrus.org\/wp-content\/uploads\/2024\/02\/logo-intercitrus.svg","caption":"Intercitrus"},"image":{"@id":"https:\/\/intercitrus.org\/en\/#\/schema\/logo\/image\/"}},{"@type":"Person","@id":"https:\/\/intercitrus.org\/en\/#\/schema\/person\/3cd1c24c3b5e41522da5dd0e9d731f22","name":"Admin Intercitrus","image":{"@type":"ImageObject","inLanguage":"en-US","@id":"https:\/\/secure.gravatar.com\/avatar\/4e1b3b9d41f8d1179d1a4ff55b0b2f0bee4b7bfd12a068237cf4bc9fe30d60db?s=96&d=mm&r=g","url":"https:\/\/secure.gravatar.com\/avatar\/4e1b3b9d41f8d1179d1a4ff55b0b2f0bee4b7bfd12a068237cf4bc9fe30d60db?s=96&d=mm&r=g","contentUrl":"https:\/\/secure.gravatar.com\/avatar\/4e1b3b9d41f8d1179d1a4ff55b0b2f0bee4b7bfd12a068237cf4bc9fe30d60db?s=96&d=mm&r=g","caption":"Admin Intercitrus"},"sameAs":["https:\/\/intercitrus.org"]}]}},"_links":{"self":[{"href":"https:\/\/intercitrus.org\/en\/wp-json\/wp\/v2\/posts\/2300","targetHints":{"allow":["GET"]}}],"collection":[{"href":"https:\/\/intercitrus.org\/en\/wp-json\/wp\/v2\/posts"}],"about":[{"href":"https:\/\/intercitrus.org\/en\/wp-json\/wp\/v2\/types\/post"}],"author":[{"embeddable":true,"href":"https:\/\/intercitrus.org\/en\/wp-json\/wp\/v2\/users\/1"}],"replies":[{"embeddable":true,"href":"https:\/\/intercitrus.org\/en\/wp-json\/wp\/v2\/comments?post=2300"}],"version-history":[{"count":2,"href":"https:\/\/intercitrus.org\/en\/wp-json\/wp\/v2\/posts\/2300\/revisions"}],"predecessor-version":[{"id":2336,"href":"https:\/\/intercitrus.org\/en\/wp-json\/wp\/v2\/posts\/2300\/revisions\/2336"}],"wp:featuredmedia":[{"embeddable":true,"href":"https:\/\/intercitrus.org\/en\/wp-json\/wp\/v2\/media\/2196"}],"wp:attachment":[{"href":"https:\/\/intercitrus.org\/en\/wp-json\/wp\/v2\/media?parent=2300"}],"wp:term":[{"taxonomy":"category","embeddable":true,"href":"https:\/\/intercitrus.org\/en\/wp-json\/wp\/v2\/categories?post=2300"},{"taxonomy":"post_tag","embeddable":true,"href":"https:\/\/intercitrus.org\/en\/wp-json\/wp\/v2\/tags?post=2300"}],"curies":[{"name":"wp","href":"https:\/\/api.w.org\/{rel}","templated":true}]}}